{"id":2549,"date":"2024-10-21T10:53:36","date_gmt":"2024-10-21T15:53:36","guid":{"rendered":"https:\/\/stefaniaramirez.com\/?p=2549"},"modified":"2024-10-21T12:10:49","modified_gmt":"2024-10-21T17:10:49","slug":"en-que-creo-valores-que-me-representa","status":"publish","type":"post","link":"https:\/\/stefaniaramirez.com\/es\/en-que-creo-valores-que-me-representa\/","title":{"rendered":"Nossos Valores: A Ess\u00eancia do Que Somos"},"content":{"rendered":"<div data-elementor-type=\"wp-post\" data-elementor-id=\"2549\" class=\"elementor elementor-2549\" data-elementor-post-type=\"post\">\n\t\t\t\t<div class=\"elementor-element elementor-element-40cb97d e-flex e-con-boxed e-con e-parent\" data-id=\"40cb97d\" data-element_type=\"container\">\n\t\t\t\t\t<div class=\"e-con-inner\">\n\t\t\t\t<div class=\"elementor-element elementor-element-9ebf6c3 elementor-widget elementor-widget-text-editor\" data-id=\"9ebf6c3\" data-element_type=\"widget\" data-widget_type=\"text-editor.default\">\n\t\t\t\t<div class=\"elementor-widget-container\">\n\t\t\t\t\t<span id=\"scroll69f72e0025788\"  class=\"scrollMagicControl\" type=\"hidden\" effect = \"{}\" wpmp_enable_desktop=\"yes\" wpmp_enable_tablet=\"yes\" wpmp_enable_mobile=\"yes\" wpmp_trigger_hook=\"0.5\" wpmp_reverse=\"yes\" wpmp_class_css =\"custom\" split-text = \"{}\" value=\"scrollmagic\"><\/span>\t\t\t\t<p>Em um mundo cada vez mais complexo, ter valores s\u00f3lidos \u00e9 fundamental. Aqui em meu espa\u00e7o, quero compartilhar os princ\u00edpios que norteiam a minha vida e a minha atua\u00e7\u00e3o profissional. Eles n\u00e3o s\u00e3o apenas palavras, mas sim a base que sustenta quem sou e como me relaciono com os outros. Acredito que, assim como em v\u00e1rias empresas onde trabalhei, a cria\u00e7\u00e3o de valores se torna parte essencial da cultura organizacional. Esses valores n\u00e3o podem ser copiados ou plagiados; eles se tornam um diferencial competitivo que define a identidade de cada organiza\u00e7\u00e3o.<\/p><p><span style=\"color: var(--ast-global-color-2); font-family: Inter, sans-serif; font-size: 1.5rem; font-style: inherit; font-weight: bold; text-align: var(--text-align); background-color: var(--ast-global-color-5);\">Bondade<\/span><\/p><p>A bondade \u00e9 a luz que guia minhas intera\u00e7\u00f5es. Acredito que pequenos atos de gentileza t\u00eam o poder de transformar o dia de algu\u00e9m. Por isso, busco praticar a empatia e o respeito em todas as situa\u00e7\u00f5es, reconhecendo que cada pessoa traz consigo suas pr\u00f3prias batalhas.<\/p><h4>Diversidade<\/h4><p>Como mulher abertamente l\u00e9sbica e apaixonada por minha parceira, a diversidade \u00e9 um valor que carrego com orgulho. Acredito na beleza da pluralidade e na for\u00e7a que ela traz. Celebrar as diferen\u00e7as \u00e9 fundamental para criar um ambiente onde todos se sintam aceitos e respeitados.<\/p><h4>Gratid\u00e3o<\/h4><p>A gratid\u00e3o \u00e9 uma pr\u00e1tica di\u00e1ria que me ajuda a manter uma perspectiva positiva. Agrade\u00e7o por cada experi\u00eancia, cada desafio e cada conquista. Essa atitude me impulsiona a valorizar o presente e a encontrar alegria nas pequenas coisas da vida.<\/p><h4>Retid\u00e3o<\/h4><p>Agir com retid\u00e3o \u00e9 um compromisso que fa\u00e7o comigo mesma. Busco sempre fazer o que \u00e9 certo, mesmo quando \u00e9 dif\u00edcil. A integridade \u00e9 fundamental para construir relacionamentos de confian\u00e7a e respeito.<\/p><h4>Coer\u00eancia<\/h4><p>A coer\u00eancia entre palavras e a\u00e7\u00f5es \u00e9 crucial para mim. O que digo e o que fa\u00e7o precisam estar alinhados. Essa autenticidade \u00e9 essencial para construir uma reputa\u00e7\u00e3o s\u00f3lida e relacionamentos verdadeiros.<\/p><h4>Responsabilidade<\/h4><p>Ser respons\u00e1vel n\u00e3o \u00e9 apenas cumprir com obriga\u00e7\u00f5es, mas tamb\u00e9m assumir as consequ\u00eancias de minhas escolhas. Acredito que cada a\u00e7\u00e3o tem um impacto, e busco sempre agir de forma consciente e \u00e9tica.<\/p><h4>Proatividade<\/h4><p>A proatividade \u00e9 a for\u00e7a motriz que me impulsiona a buscar solu\u00e7\u00f5es e a n\u00e3o esperar que as coisas aconte\u00e7am. Estou sempre em busca de oportunidades para aprender e crescer, tanto pessoal quanto profissionalmente.<\/p><h4>Determina\u00e7\u00e3o<\/h4><p>A determina\u00e7\u00e3o \u00e9 o que me faz seguir em frente, mesmo diante dos desafios. Sou motivada por meus objetivos e n\u00e3o desisto facilmente. Acredito que com perseveran\u00e7a, podemos alcan\u00e7ar a nossas metas.<\/p><h4>Organiza\u00e7\u00e3o<\/h4><p>A organiza\u00e7\u00e3o \u00e9 a chave para a produtividade. Valorizo a efici\u00eancia em todas as \u00e1reas da minha vida, o que me permite administrar melhor meu tempo e meus recursos.<\/p><h3>Reflex\u00f5es Pessoais<\/h3><p>Recomendo texto do: Mario Benedetti (La gente que me gusta) e Pablo Neruda (Eres el resultado de ti mismo), reconhe\u00e7o que cada pessoa \u00e9 resultado de suas experi\u00eancias e escolhas. A liberdade de ser quem somos deve ser respeitada, e acredito na import\u00e2ncia de cultivar um espa\u00e7o onde cada um possa expressar sua verdade.<\/p><p>Meus av\u00f3s me ensinaram sobre o amor de Deus e a beleza de uma rela\u00e7\u00e3o espiritual individual. Para mim, cada um tem sua pr\u00f3pria verdade, e n\u00e3o creio em fanatismos. A ora\u00e7\u00e3o de S\u00e3o Francisco de Assis ressoa profundamente em mim e me traz paz. Ela me lembra da import\u00e2ncia de ser um instrumento de amor e harmonia neste mundo.<\/p><p>Convido voc\u00ea a refletir sobre seus pr\u00f3prios valores. O que guia suas escolhas e a\u00e7\u00f5es? Vamos juntos construir um espa\u00e7o de acolhimento e respeito pela diversidade e pelas verdades de cada um.<\/p>\t\t\t\t\t\t\t\t<\/div>\n\t\t\t\t<\/div>\n\t\t\t\t\t<\/div>\n\t\t\t\t<\/div>\n\t\t<div class=\"elementor-element elementor-element-870a4e4 e-flex e-con-boxed e-con e-parent\" data-id=\"870a4e4\" data-element_type=\"container\">\n\t\t\t\t\t<div class=\"e-con-inner\">\n\t\t\t\t<div class=\"elementor-element elementor-element-3b44978 elementor-widget elementor-widget-image\" data-id=\"3b44978\" data-element_type=\"widget\" data-widget_type=\"image.default\">\n\t\t\t\t<div class=\"elementor-widget-container\">\n\t\t\t\t\t<span id=\"scroll69f708139bf96\"  class=\"scrollMagicControl\" type=\"hidden\" effect = \"{}\" wpmp_enable_desktop=\"yes\" wpmp_enable_tablet=\"yes\" wpmp_enable_mobile=\"yes\" wpmp_trigger_hook=\"0.5\" wpmp_reverse=\"yes\" wpmp_class_css =\"custom\" split-text = \"{}\" value=\"scrollmagic\"><\/span>\t\t\t\t\t\t\t\t\t\t<img fetchpriority=\"high\" decoding=\"async\" width=\"768\" height=\"768\" src=\"https:\/\/stefaniaramirez.com\/wp-content\/uploads\/2024\/10\/Valores-768x768.jpg\" class=\"attachment-medium_large size-medium_large wp-image-3656\" alt=\"\" srcset=\"https:\/\/stefaniaramirez.com\/wp-content\/uploads\/2024\/10\/Valores-768x768.jpg 768w, https:\/\/stefaniaramirez.com\/wp-content\/uploads\/2024\/10\/Valores-300x300.jpg 300w, https:\/\/stefaniaramirez.com\/wp-content\/uploads\/2024\/10\/Valores-1024x1024.jpg 1024w, https:\/\/stefaniaramirez.com\/wp-content\/uploads\/2024\/10\/Valores-150x150.jpg 150w, https:\/\/stefaniaramirez.com\/wp-content\/uploads\/2024\/10\/Valores-12x12.jpg 12w, https:\/\/stefaniaramirez.com\/wp-content\/uploads\/2024\/10\/Valores.jpg 1120w\" sizes=\"(max-width: 768px) 100vw, 768px\" \/>\t\t\t\t\t\t\t\t\t\t\t\t\t\t\t<\/div>\n\t\t\t\t<\/div>\n\t\t\t\t\t<\/div>\n\t\t\t\t<\/div>\n\t\t\t\t<\/div>\n\t\t\n    <div class=\"xs_social_share_widget xs_share_url after_content \t\tmain_content  wslu-style-1 wslu-share-box-shaped wslu-fill-colored wslu-none wslu-share-horizontal wslu-theme-font-no wslu-main_content\">\n\n\t\t\n        <ul>\n\t\t\t        <\/ul>\n    <\/div>","protected":false},"excerpt":{"rendered":"<p>Em um mundo cada vez mais complexo, ter valores s\u00f3lidos \u00e9 fundamental. Aqui em meu espa\u00e7o, quero compartilhar os princ\u00edpios que norteiam a minha vida e a minha atua\u00e7\u00e3o profissional. Eles n\u00e3o s\u00e3o apenas palavras, mas sim a base que sustenta quem sou e como me relaciono com os outros. Acredito que, assim como em [&hellip;]<\/p>","protected":false},"author":3,"featured_media":0,"comment_status":"open","ping_status":"open","sticky":false,"template":"","format":"standard","meta":{"_uag_custom_page_level_css":"","_monsterinsights_skip_tracking":false,"_monsterinsights_sitenote_active":false,"_monsterinsights_sitenote_note":"","_monsterinsights_sitenote_category":0,"postBodyCss":"","postBodyMargin":[],"postBodyPadding":[],"postBodyBackground":{"backgroundType":"classic","gradient":""},"_uf_show_specific_survey":0,"_uf_disable_surveys":false,"site-sidebar-layout":"default","site-content-layout":"","ast-site-content-layout":"default","site-content-style":"default","site-sidebar-style":"default","ast-global-header-display":"","ast-banner-title-visibility":"","ast-main-header-display":"","ast-hfb-above-header-display":"","ast-hfb-below-header-display":"","ast-hfb-mobile-header-display":"","site-post-title":"","ast-breadcrumbs-content":"","ast-featured-img":"","footer-sml-layout":"","ast-disable-related-posts":"","theme-transparent-header-meta":"","adv-header-id-meta":"","stick-header-meta":"","header-above-stick-meta":"","header-main-stick-meta":"","header-below-stick-meta":"","astra-migrate-meta-layouts":"set","ast-page-background-enabled":"default","ast-page-background-meta":{"desktop":{"background-color":"","background-image":"","background-repeat":"repeat","background-position":"center center","background-size":"auto","background-attachment":"scroll","background-type":"","background-media":"","overlay-type":"","overlay-color":"","overlay-opacity":"","overlay-gradient":""},"tablet":{"background-color":"","background-image":"","background-repeat":"repeat","background-position":"center center","background-size":"auto","background-attachment":"scroll","background-type":"","background-media":"","overlay-type":"","overlay-color":"","overlay-opacity":"","overlay-gradient":""},"mobile":{"background-color":"","background-image":"","background-repeat":"repeat","background-position":"center center","background-size":"auto","background-attachment":"scroll","background-type":"","background-media":"","overlay-type":"","overlay-color":"","overlay-opacity":"","overlay-gradient":""}},"ast-content-background-meta":{"desktop":{"background-color":"var(--ast-global-color-5)","background-image":"","background-repeat":"repeat","background-position":"center center","background-size":"auto","background-attachment":"scroll","background-type":"","background-media":"","overlay-type":"","overlay-color":"","overlay-opacity":"","overlay-gradient":""},"tablet":{"background-color":"var(--ast-global-color-5)","background-image":"","background-repeat":"repeat","background-position":"center center","background-size":"auto","background-attachment":"scroll","background-type":"","background-media":"","overlay-type":"","overlay-color":"","overlay-opacity":"","overlay-gradient":""},"mobile":{"background-color":"var(--ast-global-color-5)","background-image":"","background-repeat":"repeat","background-position":"center center","background-size":"auto","background-attachment":"scroll","background-type":"","background-media":"","overlay-type":"","overlay-color":"","overlay-opacity":"","overlay-gradient":""}},"footnotes":""},"categories":[1],"tags":[],"class_list":["post-2549","post","type-post","status-publish","format-standard","hentry","category-blog"],"yoast_head":"<!-- This site is optimized with the Yoast SEO plugin v26.8 - https:\/\/yoast.com\/product\/yoast-seo-wordpress\/ -->\n<title>Nossos Valores: A Ess\u00eancia do Que Somos - Transformaci\u00f3n Digital y Estrategia Empresarial Stefania<\/title>\n<meta name=\"robots\" content=\"index, follow, max-snippet:-1, max-image-preview:large, max-video-preview:-1\" \/>\n<link rel=\"canonical\" href=\"https:\/\/stefaniaramirez.com\/es\/en-que-creo-valores-que-me-representa\/\" \/>\n<meta property=\"og:locale\" content=\"es_ES\" \/>\n<meta property=\"og:type\" content=\"article\" \/>\n<meta property=\"og:title\" content=\"Nossos Valores: A Ess\u00eancia do Que Somos - Transformaci\u00f3n Digital y Estrategia Empresarial Stefania\" \/>\n<meta property=\"og:description\" content=\"Em um mundo cada vez mais complexo, ter valores s\u00f3lidos \u00e9 fundamental. Aqui em meu espa\u00e7o, quero compartilhar os princ\u00edpios que norteiam a minha vida e a minha atua\u00e7\u00e3o profissional. Eles n\u00e3o s\u00e3o apenas palavras, mas sim a base que sustenta quem sou e como me relaciono com os outros. Acredito que, assim como em [&hellip;]\" \/>\n<meta property=\"og:url\" content=\"https:\/\/stefaniaramirez.com\/es\/en-que-creo-valores-que-me-representa\/\" \/>\n<meta property=\"og:site_name\" content=\"Transformaci\u00f3n Digital y Estrategia Empresarial Stefania\" \/>\n<meta property=\"article:published_time\" content=\"2024-10-21T15:53:36+00:00\" \/>\n<meta property=\"article:modified_time\" content=\"2024-10-21T17:10:49+00:00\" \/>\n<meta property=\"og:image\" content=\"http:\/\/stefaniaramirez.com\/wp-content\/uploads\/2024\/10\/Valores-768x768.jpg\" \/>\n<meta name=\"author\" content=\"STEFANIA RAMIREZ REYES\" \/>\n<meta name=\"twitter:card\" content=\"summary_large_image\" \/>\n<meta name=\"twitter:label1\" content=\"Escrito por\" \/>\n\t<meta name=\"twitter:data1\" content=\"STEFANIA RAMIREZ REYES\" \/>\n\t<meta name=\"twitter:label2\" content=\"Tiempo de lectura\" \/>\n\t<meta name=\"twitter:data2\" content=\"3 minutos\" \/>\n<script type=\"application\/ld+json\" class=\"yoast-schema-graph\">{\"@context\":\"https:\/\/schema.org\",\"@graph\":[{\"@type\":\"Article\",\"@id\":\"https:\/\/stefaniaramirez.com\/en-que-creo-valores-que-me-representa\/#article\",\"isPartOf\":{\"@id\":\"https:\/\/stefaniaramirez.com\/en-que-creo-valores-que-me-representa\/\"},\"author\":{\"name\":\"STEFANIA RAMIREZ REYES\",\"@id\":\"https:\/\/stefaniaramirez.com\/#\/schema\/person\/020f65ba4967e0d719a0060ea7061ff6\"},\"headline\":\"Nossos Valores: A Ess\u00eancia do Que Somos\",\"datePublished\":\"2024-10-21T15:53:36+00:00\",\"dateModified\":\"2024-10-21T17:10:49+00:00\",\"mainEntityOfPage\":{\"@id\":\"https:\/\/stefaniaramirez.com\/en-que-creo-valores-que-me-representa\/\"},\"wordCount\":630,\"commentCount\":0,\"image\":{\"@id\":\"https:\/\/stefaniaramirez.com\/en-que-creo-valores-que-me-representa\/#primaryimage\"},\"thumbnailUrl\":\"http:\/\/stefaniaramirez.com\/wp-content\/uploads\/2024\/10\/Valores-768x768.jpg\",\"articleSection\":[\"Blog\"],\"inLanguage\":\"es-CO\",\"potentialAction\":[{\"@type\":\"CommentAction\",\"name\":\"Comment\",\"target\":[\"https:\/\/stefaniaramirez.com\/en-que-creo-valores-que-me-representa\/#respond\"]}]},{\"@type\":\"WebPage\",\"@id\":\"https:\/\/stefaniaramirez.com\/en-que-creo-valores-que-me-representa\/\",\"url\":\"https:\/\/stefaniaramirez.com\/en-que-creo-valores-que-me-representa\/\",\"name\":\"Nossos Valores: A Ess\u00eancia do Que Somos - Transformaci\u00f3n Digital y Estrategia Empresarial Stefania\",\"isPartOf\":{\"@id\":\"https:\/\/stefaniaramirez.com\/#website\"},\"primaryImageOfPage\":{\"@id\":\"https:\/\/stefaniaramirez.com\/en-que-creo-valores-que-me-representa\/#primaryimage\"},\"image\":{\"@id\":\"https:\/\/stefaniaramirez.com\/en-que-creo-valores-que-me-representa\/#primaryimage\"},\"thumbnailUrl\":\"http:\/\/stefaniaramirez.com\/wp-content\/uploads\/2024\/10\/Valores-768x768.jpg\",\"datePublished\":\"2024-10-21T15:53:36+00:00\",\"dateModified\":\"2024-10-21T17:10:49+00:00\",\"author\":{\"@id\":\"https:\/\/stefaniaramirez.com\/#\/schema\/person\/020f65ba4967e0d719a0060ea7061ff6\"},\"breadcrumb\":{\"@id\":\"https:\/\/stefaniaramirez.com\/en-que-creo-valores-que-me-representa\/#breadcrumb\"},\"inLanguage\":\"es-CO\",\"potentialAction\":[{\"@type\":\"ReadAction\",\"target\":[\"https:\/\/stefaniaramirez.com\/en-que-creo-valores-que-me-representa\/\"]}]},{\"@type\":\"ImageObject\",\"inLanguage\":\"es-CO\",\"@id\":\"https:\/\/stefaniaramirez.com\/en-que-creo-valores-que-me-representa\/#primaryimage\",\"url\":\"http:\/\/stefaniaramirez.com\/wp-content\/uploads\/2024\/10\/Valores-768x768.jpg\",\"contentUrl\":\"http:\/\/stefaniaramirez.com\/wp-content\/uploads\/2024\/10\/Valores-768x768.jpg\"},{\"@type\":\"BreadcrumbList\",\"@id\":\"https:\/\/stefaniaramirez.com\/en-que-creo-valores-que-me-representa\/#breadcrumb\",\"itemListElement\":[{\"@type\":\"ListItem\",\"position\":1,\"name\":\"Inicio\",\"item\":\"https:\/\/stefaniaramirez.com\/\"},{\"@type\":\"ListItem\",\"position\":2,\"name\":\"Nossos Valores: A Ess\u00eancia do Que Somos\"}]},{\"@type\":\"WebSite\",\"@id\":\"https:\/\/stefaniaramirez.com\/#website\",\"url\":\"https:\/\/stefaniaramirez.com\/\",\"name\":\"Transformaci\u00f3n Digital y Estrategia Empresarial Stefania\",\"description\":\"Explora c\u00f3mo la convergencia de tecnolog\u00eda, educaci\u00f3n y emprendimiento puede impulsar tu negocio. Con m\u00e1s de 6 a\u00f1os de experiencia en desarrollo de negocios y optimizaci\u00f3n de procesos, Stefania ofrece consultor\u00eda especializada, formaci\u00f3n y recursos clave para l\u00edderes empresariales en Am\u00e9rica Latina.\",\"potentialAction\":[{\"@type\":\"SearchAction\",\"target\":{\"@type\":\"EntryPoint\",\"urlTemplate\":\"https:\/\/stefaniaramirez.com\/?s={search_term_string}\"},\"query-input\":{\"@type\":\"PropertyValueSpecification\",\"valueRequired\":true,\"valueName\":\"search_term_string\"}}],\"inLanguage\":\"es-CO\"},{\"@type\":\"Person\",\"@id\":\"https:\/\/stefaniaramirez.com\/#\/schema\/person\/020f65ba4967e0d719a0060ea7061ff6\",\"name\":\"STEFANIA RAMIREZ REYES\",\"image\":{\"@type\":\"ImageObject\",\"inLanguage\":\"es-CO\",\"@id\":\"https:\/\/stefaniaramirez.com\/#\/schema\/person\/image\/\",\"url\":\"https:\/\/secure.gravatar.com\/avatar\/e91bb43b9faf3f97f32ccd430d69cfaf490cac26f0c31f89b77dcf1a7b65cb94?s=96&d=mm&r=g\",\"contentUrl\":\"https:\/\/secure.gravatar.com\/avatar\/e91bb43b9faf3f97f32ccd430d69cfaf490cac26f0c31f89b77dcf1a7b65cb94?s=96&d=mm&r=g\",\"caption\":\"STEFANIA RAMIREZ REYES\"},\"url\":\"https:\/\/stefaniaramirez.com\/es\/author\/stefania2123\/\"}]}<\/script>\n<!-- \/ Yoast SEO plugin. -->","yoast_head_json":{"title":"Nossos Valores: A Ess\u00eancia do Que Somos - Transformaci\u00f3n Digital y Estrategia Empresarial Stefania","robots":{"index":"index","follow":"follow","max-snippet":"max-snippet:-1","max-image-preview":"max-image-preview:large","max-video-preview":"max-video-preview:-1"},"canonical":"https:\/\/stefaniaramirez.com\/es\/en-que-creo-valores-que-me-representa\/","og_locale":"es_ES","og_type":"article","og_title":"Nossos Valores: A Ess\u00eancia do Que Somos - Transformaci\u00f3n Digital y Estrategia Empresarial Stefania","og_description":"Em um mundo cada vez mais complexo, ter valores s\u00f3lidos \u00e9 fundamental. Aqui em meu espa\u00e7o, quero compartilhar os princ\u00edpios que norteiam a minha vida e a minha atua\u00e7\u00e3o profissional. Eles n\u00e3o s\u00e3o apenas palavras, mas sim a base que sustenta quem sou e como me relaciono com os outros. Acredito que, assim como em [&hellip;]","og_url":"https:\/\/stefaniaramirez.com\/es\/en-que-creo-valores-que-me-representa\/","og_site_name":"Transformaci\u00f3n Digital y Estrategia Empresarial Stefania","article_published_time":"2024-10-21T15:53:36+00:00","article_modified_time":"2024-10-21T17:10:49+00:00","og_image":[{"url":"http:\/\/stefaniaramirez.com\/wp-content\/uploads\/2024\/10\/Valores-768x768.jpg","type":"","width":"","height":""}],"author":"STEFANIA RAMIREZ REYES","twitter_card":"summary_large_image","twitter_misc":{"Escrito por":"STEFANIA RAMIREZ REYES","Tiempo de lectura":"3 minutos"},"schema":{"@context":"https:\/\/schema.org","@graph":[{"@type":"Article","@id":"https:\/\/stefaniaramirez.com\/en-que-creo-valores-que-me-representa\/#article","isPartOf":{"@id":"https:\/\/stefaniaramirez.com\/en-que-creo-valores-que-me-representa\/"},"author":{"name":"STEFANIA RAMIREZ REYES","@id":"https:\/\/stefaniaramirez.com\/#\/schema\/person\/020f65ba4967e0d719a0060ea7061ff6"},"headline":"Nossos Valores: A Ess\u00eancia do Que Somos","datePublished":"2024-10-21T15:53:36+00:00","dateModified":"2024-10-21T17:10:49+00:00","mainEntityOfPage":{"@id":"https:\/\/stefaniaramirez.com\/en-que-creo-valores-que-me-representa\/"},"wordCount":630,"commentCount":0,"image":{"@id":"https:\/\/stefaniaramirez.com\/en-que-creo-valores-que-me-representa\/#primaryimage"},"thumbnailUrl":"http:\/\/stefaniaramirez.com\/wp-content\/uploads\/2024\/10\/Valores-768x768.jpg","articleSection":["Blog"],"inLanguage":"es-CO","potentialAction":[{"@type":"CommentAction","name":"Comment","target":["https:\/\/stefaniaramirez.com\/en-que-creo-valores-que-me-representa\/#respond"]}]},{"@type":"WebPage","@id":"https:\/\/stefaniaramirez.com\/en-que-creo-valores-que-me-representa\/","url":"https:\/\/stefaniaramirez.com\/en-que-creo-valores-que-me-representa\/","name":"Nossos Valores: A Ess\u00eancia do Que Somos - Transformaci\u00f3n Digital y Estrategia Empresarial Stefania","isPartOf":{"@id":"https:\/\/stefaniaramirez.com\/#website"},"primaryImageOfPage":{"@id":"https:\/\/stefaniaramirez.com\/en-que-creo-valores-que-me-representa\/#primaryimage"},"image":{"@id":"https:\/\/stefaniaramirez.com\/en-que-creo-valores-que-me-representa\/#primaryimage"},"thumbnailUrl":"http:\/\/stefaniaramirez.com\/wp-content\/uploads\/2024\/10\/Valores-768x768.jpg","datePublished":"2024-10-21T15:53:36+00:00","dateModified":"2024-10-21T17:10:49+00:00","author":{"@id":"https:\/\/stefaniaramirez.com\/#\/schema\/person\/020f65ba4967e0d719a0060ea7061ff6"},"breadcrumb":{"@id":"https:\/\/stefaniaramirez.com\/en-que-creo-valores-que-me-representa\/#breadcrumb"},"inLanguage":"es-CO","potentialAction":[{"@type":"ReadAction","target":["https:\/\/stefaniaramirez.com\/en-que-creo-valores-que-me-representa\/"]}]},{"@type":"ImageObject","inLanguage":"es-CO","@id":"https:\/\/stefaniaramirez.com\/en-que-creo-valores-que-me-representa\/#primaryimage","url":"http:\/\/stefaniaramirez.com\/wp-content\/uploads\/2024\/10\/Valores-768x768.jpg","contentUrl":"http:\/\/stefaniaramirez.com\/wp-content\/uploads\/2024\/10\/Valores-768x768.jpg"},{"@type":"BreadcrumbList","@id":"https:\/\/stefaniaramirez.com\/en-que-creo-valores-que-me-representa\/#breadcrumb","itemListElement":[{"@type":"ListItem","position":1,"name":"Inicio","item":"https:\/\/stefaniaramirez.com\/"},{"@type":"ListItem","position":2,"name":"Nossos Valores: A Ess\u00eancia do Que Somos"}]},{"@type":"WebSite","@id":"https:\/\/stefaniaramirez.com\/#website","url":"https:\/\/stefaniaramirez.com\/","name":"Transformaci\u00f3n Digital y Estrategia Empresarial Stefania","description":"Explora c\u00f3mo la convergencia de tecnolog\u00eda, educaci\u00f3n y emprendimiento puede impulsar tu negocio. Con m\u00e1s de 6 a\u00f1os de experiencia en desarrollo de negocios y optimizaci\u00f3n de procesos, Stefania ofrece consultor\u00eda especializada, formaci\u00f3n y recursos clave para l\u00edderes empresariales en Am\u00e9rica Latina.","potentialAction":[{"@type":"SearchAction","target":{"@type":"EntryPoint","urlTemplate":"https:\/\/stefaniaramirez.com\/?s={search_term_string}"},"query-input":{"@type":"PropertyValueSpecification","valueRequired":true,"valueName":"search_term_string"}}],"inLanguage":"es-CO"},{"@type":"Person","@id":"https:\/\/stefaniaramirez.com\/#\/schema\/person\/020f65ba4967e0d719a0060ea7061ff6","name":"STEFANIA RAMIREZ REYES","image":{"@type":"ImageObject","inLanguage":"es-CO","@id":"https:\/\/stefaniaramirez.com\/#\/schema\/person\/image\/","url":"https:\/\/secure.gravatar.com\/avatar\/e91bb43b9faf3f97f32ccd430d69cfaf490cac26f0c31f89b77dcf1a7b65cb94?s=96&d=mm&r=g","contentUrl":"https:\/\/secure.gravatar.com\/avatar\/e91bb43b9faf3f97f32ccd430d69cfaf490cac26f0c31f89b77dcf1a7b65cb94?s=96&d=mm&r=g","caption":"STEFANIA RAMIREZ REYES"},"url":"https:\/\/stefaniaramirez.com\/es\/author\/stefania2123\/"}]}},"uagb_featured_image_src":{"full":false,"thumbnail":false,"medium":false,"medium_large":false,"large":false,"1536x1536":false,"2048x2048":false,"trp-custom-language-flag":false},"uagb_author_info":{"display_name":"STEFANIA RAMIREZ REYES","author_link":"https:\/\/stefaniaramirez.com\/es\/author\/stefania2123\/"},"uagb_comment_info":25,"uagb_excerpt":"Em um mundo cada vez mais complexo, ter valores s\u00f3lidos \u00e9 fundamental. Aqui em meu espa\u00e7o, quero compartilhar os princ\u00edpios que norteiam a minha vida e a minha atua\u00e7\u00e3o profissional. Eles n\u00e3o s\u00e3o apenas palavras, mas sim a base que sustenta quem sou e como me relaciono com os outros. Acredito que, assim como em&hellip;","_links":{"self":[{"href":"https:\/\/stefaniaramirez.com\/es\/wp-json\/wp\/v2\/posts\/2549","targetHints":{"allow":["GET"]}}],"collection":[{"href":"https:\/\/stefaniaramirez.com\/es\/wp-json\/wp\/v2\/posts"}],"about":[{"href":"https:\/\/stefaniaramirez.com\/es\/wp-json\/wp\/v2\/types\/post"}],"author":[{"embeddable":true,"href":"https:\/\/stefaniaramirez.com\/es\/wp-json\/wp\/v2\/users\/3"}],"replies":[{"embeddable":true,"href":"https:\/\/stefaniaramirez.com\/es\/wp-json\/wp\/v2\/comments?post=2549"}],"version-history":[{"count":9,"href":"https:\/\/stefaniaramirez.com\/es\/wp-json\/wp\/v2\/posts\/2549\/revisions"}],"predecessor-version":[{"id":3670,"href":"https:\/\/stefaniaramirez.com\/es\/wp-json\/wp\/v2\/posts\/2549\/revisions\/3670"}],"wp:attachment":[{"href":"https:\/\/stefaniaramirez.com\/es\/wp-json\/wp\/v2\/media?parent=2549"}],"wp:term":[{"taxonomy":"category","embeddable":true,"href":"https:\/\/stefaniaramirez.com\/es\/wp-json\/wp\/v2\/categories?post=2549"},{"taxonomy":"post_tag","embeddable":true,"href":"https:\/\/stefaniaramirez.com\/es\/wp-json\/wp\/v2\/tags?post=2549"}],"curies":[{"name":"wp","href":"https:\/\/api.w.org\/{rel}","templated":true}]}}