{"id":176,"date":"2021-05-11T01:28:00","date_gmt":"2021-05-11T06:28:00","guid":{"rendered":"https:\/\/stefaniaramirez.com\/?p=176"},"modified":"2021-05-11T01:28:00","modified_gmt":"2021-05-11T06:28:00","slug":"emigrar-a-brasil-mi-experiencia","status":"publish","type":"post","link":"https:\/\/stefaniaramirez.com\/es\/emigrar-a-brasil-mi-experiencia\/","title":{"rendered":"Emigrar a Brasil: Mi experiencia"},"content":{"rendered":"<div class=\"wp-block-image is-style-rounded\"><figure class=\"alignleft size-large is-resized\"><img fetchpriority=\"high\" decoding=\"async\" src=\"https:\/\/stefaniaramirezcom.files.wordpress.com\/2021\/04\/1-1.jpg?w=601\" alt=\"\" class=\"wp-image-183\" width=\"247\" height=\"242\" \/><figcaption>Brasil do meu cora\u00e7\u00e3o<\/figcaption><\/figure><\/div>\n\n\n\n<p class=\"has-text-align-justify\">En octubre del 2017 cog\u00ed una mochila y viaj\u00e9 de Cali Colombia para Curitiba Brasil. En este texto contar\u00e9, como y porque me fui a vivir a uno de los pa\u00edses m\u00e1s grandes del mundo, con una poblaci\u00f3n de 210&#8217;147.000 personas. <\/p>\n\n\n\n<p class=\"has-text-align-justify\">Aunque no fue como salir y coger un taxi, sino en m\u00b4\u00e1s o menos 1 a\u00f1o y medio para planear bien la mudanza a Brasil.<\/p>\n\n\n\n<p><strong>Principales pasos que realice para viajar al Brasil:<\/strong><\/p>\n\n\n\n<div class=\"wp-block-image\"><figure class=\"alignleft size-large is-resized\"><img decoding=\"async\" src=\"https:\/\/stefaniaramirezcom.files.wordpress.com\/2021\/04\/img_2874.jpg?w=768\" alt=\"\" class=\"wp-image-199\" width=\"226\" height=\"301\" \/><figcaption>Cristo Redentor Rio de Janeiro<\/figcaption><\/figure><\/div>\n\n\n\n<div class=\"wp-block-columns is-layout-flex wp-container-core-columns-is-layout-28f84493 wp-block-columns-is-layout-flex\">\n<div class=\"wp-block-column is-layout-flow wp-block-column-is-layout-flow\" style=\"flex-basis:100%;\">\n<div class=\"wp-block-group is-layout-flow wp-block-group-is-layout-flow\">\n<ol class=\"wp-block-list\"><li>Tener un objetivo en mente<\/li><li>Definir un cronograma<\/li><li>Tramitar documentos: Cuales y Costos<\/li><li>Organizar la vida que dejas en tu pa\u00eds de origen<\/li><li>\u00bfDebo saber portugu\u00e9s?<\/li><li>Lo mejor de vivir en Brasil<\/li><li>Lo no tan bueno \ud83d\ude41<\/li><li>Cosas que debes tener en cuenta y Tips<\/li><\/ol>\n\n\n\n<p><strong>\u00a1Bora galera!<\/strong><\/p>\n<\/div>\n<\/div>\n<\/div>\n\n\n\n<p class=\"has-text-align-justify\"><strong>Tener un objetivo<\/strong><\/p>\n\n\n\n<p class=\"has-text-align-justify\">Puede ser muy obvio, pero como dice el dicho &#8220;<em>si no&nbsp;sabes&nbsp;a&nbsp;donde vas&nbsp;cualquier camino te llevar\u00e1<\/em>&#8220;. Los siguientes pasos que dar\u00e1s van a depender del objetivo que querr\u00e1s conseguir en esta mudanza de pa\u00eds, probar suerte no es que sea malo, pero tener un objetivo claro, va a hacer todo un poco m\u00e1s f\u00e1cil, ser\u00e1 como entrar a un t\u00fanel oscuro pero con una linterna en la mano.<\/p>\n\n\n\n<p class=\"has-text-align-justify\">En mi caso, mi objetivo principal era realizar un intercambio internacional con AIESEC. Es trabajar por un periodo, normalmente entre 6 meses, 1 a\u00f1o o 1 a\u00f1o y medio, con el rol de pasante o aprendiz en el \u00e1rea y cargo que apliques, y ser\u00e1s remunerado seg\u00fan la pol\u00edtica de cada pa\u00eds, pero nunca es menos del costo de vida de tu destino. Tambi\u00e9n tienen otros programas, como voluntariado y el nuevo Global Teacher. Mi experiencia fue buena, en el sitio web buscas la oportunidad, aplicas, haces las entrevista y todo el proceso, debes hacerlo por medio de una oficina local, en la mayor\u00eda de las principales universidades hay una. AIESEC ayuda en muchos tramites, como documentaci\u00f3n, primer d\u00eda en el trabajo, sugieren hospedajes, explican como es la cultura y estilo de vida en el pa\u00eds de destino, entonces eso ya te facilita bastante. AIESEC es la organizaci\u00f3n mundial m\u00e1s grande de j\u00f3venes profesionales, eso los hace seguros y confiables, y hay muchas oportunidades de intercambio en diferentes partes del mundo. <\/p>\n\n\n\n<p class=\"has-text-align-justify\"><em>P\u00e1gina web: https:\/\/aiesec.org\/<\/em><\/p>\n\n\n\n<p class=\"has-text-align-justify\"><strong>Definir un cronograma<\/strong><\/p>\n\n\n\n<p class=\"has-text-align-justify\">Tiempos es todo, mudarse de pa\u00eds es un proyecto, \u00bfcierto? Entonces, como todo proyecto debe definir fechas, porque muchos de sus documentos, por ejemplo, tendr\u00e1n un plazo de entrega. Crear un cronograma y ayudarse con el calendario de google y notificaciones, ser\u00e1 una ayuda importante en el avance de su meta. Puede hacer una planilla en excel con cada item (soy la loca de las planillas jaja, tengo para todo) fecha de entrega, observaciones, presupuesto requerido y una casilla de verificaci\u00f3n para marcar lo que ya se ha ejecutado, algo simple pero pr\u00e1ctico.<\/p>\n\n\n\n<p><strong>Tramitar documentos<\/strong><\/p>\n\n\n\n<p>Colombia pertenece al tratado internacional MERCOSUR, que permite la facilidad de ingresar a Brasil de una manera mucho m\u00e1s sencilla que a emigrantes de otros pa\u00edses. Por esto, los colombianos pueden ingresar sin antes solicitar visa. Adem\u00e1s tenemos la posibilidad de solicitar una visa temporaria que tendr\u00e1 una duraci\u00f3n de dos a\u00f1os. Fue as\u00ed como lo hice, la visa la tramit\u00e9 en la embajada de Colombia, en sede Cali, esta visa dura 2 a\u00f1os y luego de este tiempo si quieres estar m\u00e1s tiempo solicitas la visa permanente que aumenta para 8 a\u00f1os m\u00e1s. Lo hice as\u00ed porque era un requerimiento de AIESEC, estaba yendo a trabajar y porque mi duraci\u00f3n ir\u00eda ser mayor a 90 d\u00edas que es lo que puedes estar como turista.<\/p>\n\n\n\n<p class=\"has-text-align-justify\"><span style=\"text-decoration:underline;\">Documentos para visa:<\/span> Pasaporte con validez, Protocolo de solicitud con Foto, Registro Civil de nacimiento, Antecedentes Judiciales con fines migratorios y Recibo de pago. Tiene un valor aproximado de COP $460.000, si ya tienes el pasaporte.<\/p>\n\n\n\n<p class=\"has-text-align-justify\">Luego de esto, debes llegar a Brasil y en los primeros 30 d\u00edas realizar el registro nacional migratorio, te dan tipo como una &#8220;C\u00e9dula&#8221; este RNM ser\u00e1 tu documento de identificaci\u00f3n en Brasil, tiene un valor de alrededor de COP $207.000.<\/p>\n\n\n\n<p><em>M\u00e1s informaci\u00f3n en: http:\/\/bogota.itamaraty.gov.br\/<\/em><\/p>\n\n\n\n<p><strong>Organizar la vida que dejas en tu pa\u00eds de origen<\/strong><\/p>\n\n\n\n<p class=\"has-text-align-justify\">Esto puede parecer obvio pero no tanto, independiente si piensas &#8220;Nunca m\u00e1s regresar&#8221; a tu pa\u00eds de origen, hay aspectos que debes dejar finalizado, cuentas bancarias, servicios p\u00fablicos, bienes inmuebles, etc. Esto debe estar en tu radar y cronograma. Crear una lista con todo lo que dejas, lo que vas a regalar, donar o vender, es ideal para que quede muy bien organizado, mejor a\u00fan si registras fotos y descripciones a cada \u00edtem, as\u00ed puedas viajar sin preocupaciones, y claro, al volver tengas todo como lo desear\u00edas encontrar.<\/p>\n\n\n\n<p><strong>\u00bfDebo saber portugu\u00e9s para irme a Brasil?<\/strong><\/p>\n\n\n\n<p class=\"has-text-align-justify\">No, no es necesario. Pero claro, no caigas en esa creencia que el &#8220;portugu\u00e9s es igualito al espa\u00f1ol&#8221;. Existe un mont\u00f3n de falsos cognados, piensas que una palabra tiene el mismo significado y resulta algo totalmente diferente y hasta algo delicado.<br>Lo que hice fue estudiar un curso de 6 meses, en los cursos externos que ofrece la Universidad del Valle &#8211; <a rel=\"noreferrer noopener\" href=\"http:\/\/centrodelenguasyculturas.univalle.edu.co\/portafolio-de-programas\/portugues\" target=\"_blank\">Centro de Lenguas y Culturas<\/a>. Esto me ayud\u00f3 en los primeros d\u00edas, porque necesitaba hacer varios tramites, establecerme y hablar a media lengua, aunque lo podr\u00eda haber hecho y de seguro me entender\u00edan, no ser\u00eda nunca lo mismo. Algo lo que poco te ense\u00f1a aprendiendo un idioma nuevo es sobre los dichos, o la&nbsp;jerga informal, en portugu\u00e9s se dice G\u00edrias, <a rel=\"noreferrer noopener\" href=\"https:\/\/www.youtube.com\/watch?v=Ig_cE34n7Y0\" target=\"_blank\">en este canal de YouTube<\/a> pueden encontrar un mont\u00f3n de v\u00eddeos para aprender portugu\u00e9s.<\/p>\n\n\n\n<p><strong>Lo mejor de Brasil<\/strong><\/p>\n\n\n\n<div class=\"wp-block-image\"><figure class=\"alignright is-resized\"><img decoding=\"async\" src=\"https:\/\/lh3.googleusercontent.com\/6g8pVsWg_OOgHIJMsn7vIRMutCv3t0ppGPZD1GmGViqSInQKsNv66FAQ0mGDzPXi2vo6QTD7zawpIU263A_QlsuLj9D7cEG8LYN5rCOrSX0UqJkvN_AjxDyq6fwO5CXb7WO-Hotg_0pNGPtIcJJ1tsvrgDOESjHTR-aCx3QnJSYrH1fZzcZ6wjKNwDCCmYS7KE9u-1wm9TBt5Srvt6_U9CfhoNd0S5DaOOWmAisw8cXL8rGGrV7_1PassAgxnuHgdl18spu-LQo83TgHe0qCW7R5Zqt3Eqq1EeSoND1cyN3GKAybVJnBgxFZ1aE3Y32ewBdSvigQBMQYGzyDQnEPK-pJgtGsfBWEzkNjj2hyxKYrCRC9hoyzde_YVhncGcdA_9y3JdAU_dSyXq0wjXqM6hYH8j8rlYN_bKIAVjmT2zb4USb4HWBwvn7nDPT-jQQHzL_SDhBZSP8Kx5Igoe6dkTAWSl7T2KCO4T61sFiSswTleMPpjBa_B7jCsbFEakCgsANdK6vja759bw5LCw2ICcvAp3Hzw_j3YshbzCbCOaHIKvdjlLaxVJDHIbmWn0LKIqHWwV4buh7hzFpQhkfxQ6RGT5engJBgTdGCJ_ARmtm7ctdzzvNjOHWBqd1fihzX4CcrD6Yu5EqCJshGNj0h9yBWV8bjnC5_MBZV5eDW6Rrrs1S7M2a9kQyfS7VpXiUwTygu9w3A5AgR2ywLY25sa2Mn=w876-h657-no?authuser=0\" alt=\"\" width=\"243\" height=\"181\" \/><figcaption>Mercado Central de Sao Paulo<\/figcaption><\/figure><\/div>\n\n\n\n<p class=\"has-text-align-justify\">Puede sonar rom\u00e1ntico o clich\u00e9, pero son las personas. Desde los primeros d\u00edas la amabilidad y generosidad de los Brasileros me sorprendi\u00f3, durante todo el tiempo me encontr\u00e9 con personas maravillosas, que me apoyaron, me explicaron todo con mucha paciencia, me ense\u00f1aron su cultura, su historia y esto es realmente valioso para m\u00ed. Voy a contar 2 historias de mis primeros 10 d\u00edas:<\/p>\n\n\n\n<div class=\"wp-block-image\"><figure class=\"alignleft size-large is-resized\"><img loading=\"lazy\" decoding=\"async\" src=\"https:\/\/stefaniaramirezcom.files.wordpress.com\/2021\/05\/img_5550.jpg?w=1024\" alt=\"\" class=\"wp-image-209\" width=\"246\" height=\"180\" \/><figcaption>Ju y yo en SP<\/figcaption><\/figure><\/div>\n\n\n\n<p><strong>Juliana (S\u00e3o Paulo)<\/strong><\/p>\n\n\n\n<p class=\"has-text-align-justify\">Nos conocimos por <a rel=\"noreferrer noopener\" href=\"https:\/\/play.google.com\/store\/apps\/details?id=net.tandem&amp;hl=es_CO&amp;gl=US\" target=\"_blank\">Tandem<\/a> (una App para intercambiar idiomas, lo recomiendo). Ju buscaba aprender espa\u00f1ol y sobre Colombia, y yo portugu\u00e9s y  de Brasil, entonces como dice el dicho &#8220;como anillo al dedo&#8221;.<\/p>\n\n\n\n<p class=\"has-text-align-justify\">Curiosamente Ju viajar\u00eda para Colombia a realizar un voluntariado en Bogot\u00e1, tambi\u00e9n con AIESEC. No conseguimos encontrarnos all\u00e1, sin embargo nos hablamos muchos meses antes de mi llegada a Brasil, yo deb\u00eda hacer una prueba de mi universidad por medio de la embajada, entonces mi primera parada fue en la inmensa S\u00e3o Paulo (casi 22 millones de habitantes en su metr\u00f3polis, unas 6 veces m\u00e1s grande que mi ciudad Cali). <br>Ju se ofreci\u00f3 abrirme las puertas de su hogar, ella y toda su familia me recibieron extremadamente bien, fueron muy amables, gentiles y grandes anfitriones, conmigo, qui\u00e9n era una desconocida para ellos, extranjera, que mal intentaba hablar portugu\u00e9s, pero a\u00fan as\u00ed me brindaron toda la ayuda y me mostraron su amabilidad. Ju me ense\u00f1o muchas cosas por primera vez, como: tomar el metro, la coxinha, las tapiocas que su mam\u00e1 cocin\u00f3 y que a partir de ese d\u00eda soy fan n\u00famero 1, me ense\u00f1\u00f3 g\u00edrias (habl\u00e9 de esto arriba) y me cont\u00f3 muchas historias culturales de Brasil para irme adaptando a su pa\u00eds. Obrigada querida Ju!<\/p>\n\n\n\n<div class=\"wp-block-image\"><figure class=\"alignright is-resized\"><img loading=\"lazy\" decoding=\"async\" src=\"https:\/\/lh3.googleusercontent.com\/fBa1ekxP66YxmcABnmVoLFumo54orfK8Pz5gCkqFXfTApC6vLecO5ZKWcNP07q6ncO2EUS9-Sseg2FLTEpu0jtMUCfGOM3kwLCgQ3hK448rG47ai97XkMR5z_ahfPzvsSjf1ikEuPHWlhL5rM9Us9vumYq-5JUMqt-Gj4CaB8OCCbN4cpylZWeEv9ZNPOK6pHxSfkgukmFjrmcf-iJgApL_8GmNQLQ0yDYYneqyjrEruaCGIQDNyVgYCuxWtIr8XVz_jtT99zI_CiLY9nEP9QvgNiBqAL_cRlFlRiEIIiHymBJ3him-s09ziX1S6ckVo0p5vuHXWbZ02tL_hrVcjQ4_hjm_cRk5us991Z2bEAnavtypzmv-aRzag2GNdCMP-FBIV5_85DleWnOlhc0HxNudhvDu74scI029U4TGij_iqJU4erBCoOvtVCVDZ36tSzP90hLNnTO3lMRyZQgbHfbwIwPatdiSflNXnmLm15DBY9y0OMD2EA2MkXbsVla_xsqFXwEvQGm0keI0b6p2B8ebv9HVONTkYop1qFYJoDfvK25juWM9UeHGfytB7bFDPkZzV8TpPyWEq4Y2sY_ZJMowNe4h_pxhjwIhPb_biQ2wJNGTLmsLriIAOtxTgHYfGo9hq94Bz8SL48Xe_pEM_Zolqs_LJ0aheRElcnqMriK0W87ADiOhjyJu4i_uyN5WFfkYlUq7b9e2ayLrCe8Ag0jw5=w876-h657-no?authuser=0\" alt=\"\" width=\"243\" height=\"183\" \/><figcaption>Eli, H\u00e9ctor y yo en CWB<\/figcaption><\/figure><\/div>\n\n\n\n<p><strong>H\u00e9ctor (Curitiba)<\/strong><\/p>\n\n\n\n<p class=\"has-text-align-justify\">H\u00e9ctor me hosped\u00f3 en su casa en Curitiba junto con mi amigo Eli (que tambi\u00e9n viajaba conmigo de Cali de AIESEC). Conocimos a H\u00e9ctor por otra App, Couchsurfing, funciona para ofrecer hospedaje gratuito por una corta estancia para viajeros.  He utilizado esta aplicaci\u00f3n un poco m\u00e1s de 13 veces y en Brasil unas 5, he recibido y me han recibo en diferentes ciudades, y compartido con muchas personas. Una App no apta para cardiacos jaja. <\/p>\n\n\n\n<p class=\"has-text-align-justify\">H\u00e9ctor rompi\u00f3 con el estereotipo que todos dicen de los Curitibanos, por eso generalizar no es bueno, siempre debemos individualizar a las personas, cada uno es diferente y \u00e9l nos lo ense\u00f1\u00f3 en mis primeros d\u00edas en la ciudad. Curitiba tiene 3 millones y medio de habitantes en su regi\u00f3n metropolitana, casi la misma poblaci\u00f3n de mi ciudad Cali.<\/p>\n\n\n\n<div class=\"wp-block-image\"><figure class=\"aligncenter size-large is-resized\"><img loading=\"lazy\" decoding=\"async\" src=\"https:\/\/stefaniaramirezcom.files.wordpress.com\/2021\/05\/image.png?w=757\" alt=\"\" class=\"wp-image-215\" width=\"557\" height=\"249\" \/><figcaption> Couchsurfing funciona con recomendaciones de los viajeros<\/figcaption><\/figure><\/div>\n\n\n\n<p><strong>Ecosistemas de innovaci\u00f3n<\/strong><\/p>\n\n\n\n<p class=\"has-text-align-justify\">Otro aspecto que me hace gustar tanto de Brasil es el ambiente Startup, existen en Brasil un total de 12.700, y en Curitiba hay 422, representa un 29% del total del estado de Paran\u00e1, y de estas 2 son unicornio, (empresas con un valor de mercado superior a los mil millones de d\u00f3lares) Ebanx y MadeiraMadeira.<br>Acciones desarrolladas por el programa <em>Vale do Pinh\u00e3o<\/em> han estado impulsando la apertura y crecimiento de startups en la ciudad. La capital se encuentra entre las 21 comunidades m\u00e1s inteligentes del mundo seg\u00fan el ranking del Intelligent Community Forum (ICF);&nbsp;y la Asociaci\u00f3n Tecnol\u00f3gica Catarinense (Acate) incluy\u00f3 a Curitiba como la ciudad con mayor productividad y eficiencia en el sector tecnol\u00f3gico de 2020. \u00bfFascinante, verdad?.<\/p>\n\n\n\n<div class=\"wp-block-image\"><figure class=\"alignleft is-resized\"><img loading=\"lazy\" decoding=\"async\" src=\"https:\/\/bandnewscwb.b-cdn.net\/band\/wp-content\/uploads\/2019\/05\/Moinho-Rebouca-ENGENHO-INOVACAO-10112017.jpg\" alt=\"Comit\u00ea de Governan\u00e7a do Ecossistema de Inova\u00e7\u00e3o est\u00e1 com inscri\u00e7\u00f5es abertas  | Band News FM Curitiba\" width=\"342\" height=\"192\" \/><figcaption>Ecossistema de inova\u00e7\u00f5es de Curitiba<\/figcaption><\/figure><\/div>\n\n\n\n<p class=\"has-text-align-justify\">En Curitiba trabaj\u00e9 para 2 startups que tienen su enfoque en automatizar procesos para impulsar negocios digitales, mi objetivo fue realizar la internacionalizaci\u00f3n de las empresas a pa\u00edses de latinoam\u00e9rica, claro, un diferencial es tambi\u00e9n hablar espa\u00f1ol nativo.<\/p>\n\n\n\n<p><strong>Lo no tan bueno \ud83d\ude41<\/strong><\/p>\n\n\n\n<p class=\"has-text-align-justify\"><span style=\"text-decoration:underline;\">La tasa cambiaria<\/span> El real es algo que impacta en la vida de los extranjeros actualmente, sobre todo si deben enviar dinero para su pa\u00eds de origen. En los \u00faltimos a\u00f1os se viene atravesando por una situaci\u00f3n econ\u00f3mica complicada, el real frente al d\u00f3lar a perdido valor. La tasa de cambio en el 2017 (que fue el a\u00f1o en que llegu\u00e9 a Brasil) era de 1 d\u00f3lar a reales en R$3,19 y hoy en mayo del 2021 est\u00e1 por R$5,70 una devaluaci\u00f3n de la moneda de casi un 44%.<\/p>\n\n\n\n<p class=\"has-text-align-justify\"><span style=\"text-decoration:underline;\">Pablo Escobar<\/span> Muri\u00f3 en 1993, hace 28 largos a\u00f1os y todav\u00eda hay quienes te hacen comentarios sobre este terrorista o por el narcotr\u00e1fico en Colombia as\u00ed, en los primeros minutos de conocerte, no importa en el lugar que est\u00e9s, en un restaurante, el se\u00f1or del uber o hasta en una fiesta donde estos temas no deber\u00edan ser asunto. Es peor cuando sus comentarios son de apolog\u00eda a la maldad por falta de conocimiento y porque los medios, como telenovelas o series, han hecho de la imagen como un personaje de ficci\u00f3n o un h\u00e9roe, mal saben todo el terror y maldad que genero. Se notaba, por mi acento, que era extranjera en los primeros segundos al hablar, &#8220;<em>Wow, eres Colombiana. \u00bfPablo Escobar? \u00bfCocaina?<\/em>&#8220;. Como si fueras solo eso.<\/p>\n\n\n\n<p class=\"has-text-align-justify\">Lo que hice fue reflexionar sobre que puedo hacer yo, como colombiana, para &#8220;educar&#8221; a estas personas sobre la realidad de mi pa\u00eds, entonces mi perspectiva cada vez que ocurr\u00eda esto cambi\u00f3, porque pensaba <em>&#8220;Las personas, aunque son responsables de la informaci\u00f3n que consumen, tambi\u00e9n no tienen la culpa que los medios m\u00e1s grandes produzcan y vuelvan viral este tipo de contenido desinformando realidades de los pueblos<\/em>&#8221; con esto pude reajustar mi discurso sobre las preguntas curiosas que me hac\u00edan, que aunque no fueron muchas veces, fueron significativas.<\/p>\n\n\n\n<p><strong>Conclusiones<\/strong><\/p>\n\n\n\n<p class=\"has-text-align-justify\">Brasil lo llevo en mi coraz\u00f3n, es un pa\u00eds que me fascina, cada rinc\u00f3n es una historia, es arte, m\u00fasica, literatura, alegr\u00eda. Las personas son muy gentiles y amables en cada ciudad que vayas con seguridad puedo decirlo que ser\u00e1s bienvenido. No tengas miedo a conocer, a probar y experimentar todas las oportunidades, deja que la cultura penetre las entra\u00f1as, porque Brasil es un encanto. <\/p>\n\n\n\n<div class=\"wp-block-image\"><figure class=\"alignleft is-resized\"><img loading=\"lazy\" decoding=\"async\" src=\"https:\/\/imagens.brasil.elpais.com\/resizer\/TLzCSA9bIhxG4vMltvz8rmnEsT8=\/414x0\/arc-anglerfish-eu-central-1-prod-prisa.s3.amazonaws.com\/public\/GJGUPM7DENRH6HO55RFPJN6CDU.jpg\" alt=\"Ilustra\u00e7\u00e3o: Setanta.\" width=\"251\" height=\"180\" \/><figcaption>Brasil es una isla cultural cuya literatura trasciende sus estereotipos. sus escritores tienen el desaf\u00edo de reflejar la inmensa diversidad del pa\u00eds en sus p\u00e1ginas<br><\/figcaption><\/figure><\/div>\n\n\n\n<p class=\"has-text-align-justify\">Pienso que todos los pa\u00edses tienen alguna fama, pero Brasil es mucho m\u00e1s all\u00e1 que <em>&#8220;Samba e futebol&#8221;<\/em>, esto es un principio fundamental al conocer nuevas culturas, el desaprender lo que hemos visto y construir nuestro propio concepto, mejor a\u00fan bajo la experimentaci\u00f3n. Para los amantes de la literatura Brasil es un pa\u00eds extremadamente rico, <a rel=\"noreferrer noopener\" href=\"https:\/\/brasil.elpais.com\/brasil\/2016\/07\/29\/cultura\/1469788771_200596.html\" target=\"_blank\">en este link habla un poco<\/a> de esto.<\/p>\n\n\n\n<p>Y claro, como terminar este texto sin compartir una <a rel=\"noreferrer noopener\" href=\"https:\/\/open.spotify.com\/playlist\/3GoEC6Q5Lg5cPTAFuZr59c?si=672727993ef74977\" target=\"_blank\">playlist de mi m\u00fasica de Brasil favorita<\/a>, disfr\u00fatenla.<\/p>\n\n\n\n<ul class=\"wp-block-social-links alignright items-justified-left is-layout-flex wp-block-social-links-is-layout-flex\">\n\n<\/ul>\n\n\n\n<pre class=\"wp-block-verse has-text-align-right\">\"Ponha um pouco de amor numa cad\u00eancia\nE vai ver que ningu\u00e9m no mundo vence\nA beleza que tem um samba, n\u00e3o\nPorque o samba nasceu l\u00e1 na Bahia\nE se hoje ele \u00e9 branco na poesia\nSe hoje ele \u00e9 branco na poesia\nEle \u00e9 negro demais no cora\u00e7\u00e3o\"\n\n<em>Samba Da Bencao Vin\u00edcius de Moraes<\/em><\/pre>\n\n\n\n\n\n\n\n\n\n<div class=\"wp-block-jetpack-slideshow\" data-effect=\"slide\"><div class=\"wp-block-jetpack-slideshow_container swiper-container\"><ul class=\"wp-block-jetpack-slideshow_swiper-wrapper swiper-wrapper\"><li class=\"wp-block-jetpack-slideshow_slide swiper-slide\"><figure><img decoding=\"async\" alt=\"\" class=\"wp-block-jetpack-slideshow_image wp-image-231\" data-id=\"231\" src=\"https:\/\/stefaniaramirezcom.files.wordpress.com\/2021\/05\/img_5871.jpg?w=300\" \/><\/figure><\/li><li class=\"wp-block-jetpack-slideshow_slide swiper-slide\"><figure><img decoding=\"async\" alt=\"\" class=\"wp-block-jetpack-slideshow_image wp-image-234\" data-id=\"234\" src=\"https:\/\/stefaniaramirezcom.files.wordpress.com\/2021\/05\/img_8737.jpg?w=225\" \/><\/figure><\/li><li class=\"wp-block-jetpack-slideshow_slide swiper-slide\"><figure><img decoding=\"async\" alt=\"\" class=\"wp-block-jetpack-slideshow_image wp-image-232\" data-id=\"232\" src=\"https:\/\/stefaniaramirezcom.files.wordpress.com\/2021\/05\/img_5918.jpg?w=168\" \/><\/figure><\/li><li class=\"wp-block-jetpack-slideshow_slide swiper-slide\"><figure><img decoding=\"async\" alt=\"\" class=\"wp-block-jetpack-slideshow_image wp-image-235\" data-id=\"235\" src=\"https:\/\/stefaniaramirezcom.files.wordpress.com\/2021\/05\/img_8600.jpg?w=300\" \/><\/figure><\/li><li class=\"wp-block-jetpack-slideshow_slide swiper-slide\"><figure><img decoding=\"async\" alt=\"\" class=\"wp-block-jetpack-slideshow_image wp-image-236\" data-id=\"236\" src=\"https:\/\/stefaniaramirezcom.files.wordpress.com\/2021\/05\/img-20190302-wa0023.jpg?w=300\" \/><\/figure><\/li><li class=\"wp-block-jetpack-slideshow_slide swiper-slide\"><figure><img decoding=\"async\" alt=\"\" class=\"wp-block-jetpack-slideshow_image wp-image-237\" data-id=\"237\" src=\"https:\/\/stefaniaramirezcom.files.wordpress.com\/2021\/05\/20190304_010108.jpg?w=225\" \/><\/figure><\/li><li class=\"wp-block-jetpack-slideshow_slide swiper-slide\"><figure><img decoding=\"async\" alt=\"\" class=\"wp-block-jetpack-slideshow_image wp-image-230\" data-id=\"230\" src=\"https:\/\/stefaniaramirezcom.files.wordpress.com\/2021\/05\/img_5706.jpg?w=225\" \/><\/figure><\/li><\/ul><a class=\"wp-block-jetpack-slideshow_button-prev swiper-button-prev swiper-button-white\" role=\"button\"><\/a><a class=\"wp-block-jetpack-slideshow_button-next swiper-button-next swiper-button-white\" role=\"button\"><\/a><a aria-label=\"Pause Slideshow\" class=\"wp-block-jetpack-slideshow_button-pause\" role=\"button\"><\/a><div class=\"wp-block-jetpack-slideshow_pagination swiper-pagination swiper-pagination-white\"><\/div><\/div><\/div>\n\n    <div class=\"xs_social_share_widget xs_share_url after_content \t\tmain_content  wslu-style-1 wslu-share-box-shaped wslu-fill-colored wslu-none wslu-share-horizontal wslu-theme-font-no wslu-main_content\">\n\n\t\t\n        <ul>\n\t\t\t        <\/ul>\n    <\/div>","protected":false},"excerpt":{"rendered":"<p>En octubre del 2017 cog\u00ed una mochila y viaj\u00e9 de Cali Colombia para Curitiba Brasil. En este texto contar\u00e9, como y porque me fui a vivir a uno de los pa\u00edses m\u00e1s grandes del mundo, con una poblaci\u00f3n de 210&#8217;147.000 personas. Aunque no fue como salir y coger un taxi, sino en m\u00b4\u00e1s o menos [&hellip;]<\/p>","protected":false},"author":3,"featured_media":0,"comment_status":"open","ping_status":"closed","sticky":false,"template":"","format":"standard","meta":{"_uag_custom_page_level_css":"","_monsterinsights_skip_tracking":false,"_monsterinsights_sitenote_active":false,"_monsterinsights_sitenote_note":"","_monsterinsights_sitenote_category":0,"postBodyCss":"","postBodyMargin":[],"postBodyPadding":[],"postBodyBackground":{"backgroundType":"classic","gradient":""},"_uf_show_specific_survey":0,"_uf_disable_surveys":false,"site-sidebar-layout":"default","site-content-layout":"","ast-site-content-layout":"default","site-content-style":"default","site-sidebar-style":"default","ast-global-header-display":"","ast-banner-title-visibility":"","ast-main-header-display":"","ast-hfb-above-header-display":"","ast-hfb-below-header-display":"","ast-hfb-mobile-header-display":"","site-post-title":"","ast-breadcrumbs-content":"","ast-featured-img":"","footer-sml-layout":"","ast-disable-related-posts":"","theme-transparent-header-meta":"","adv-header-id-meta":"","stick-header-meta":"","header-above-stick-meta":"","header-main-stick-meta":"","header-below-stick-meta":"","astra-migrate-meta-layouts":"default","ast-page-background-enabled":"default","ast-page-background-meta":{"desktop":{"background-color":"","background-image":"","background-repeat":"repeat","background-position":"center center","background-size":"auto","background-attachment":"scroll","background-type":"","background-media":"","overlay-type":"","overlay-color":"","overlay-opacity":"","overlay-gradient":""},"tablet":{"background-color":"","background-image":"","background-repeat":"repeat","background-position":"center center","background-size":"auto","background-attachment":"scroll","background-type":"","background-media":"","overlay-type":"","overlay-color":"","overlay-opacity":"","overlay-gradient":""},"mobile":{"background-color":"","background-image":"","background-repeat":"repeat","background-position":"center center","background-size":"auto","background-attachment":"scroll","background-type":"","background-media":"","overlay-type":"","overlay-color":"","overlay-opacity":"","overlay-gradient":""}},"ast-content-background-meta":{"desktop":{"background-color":"var(--ast-global-color-5)","background-image":"","background-repeat":"repeat","background-position":"center center","background-size":"auto","background-attachment":"scroll","background-type":"","background-media":"","overlay-type":"","overlay-color":"","overlay-opacity":"","overlay-gradient":""},"tablet":{"background-color":"var(--ast-global-color-5)","background-image":"","background-repeat":"repeat","background-position":"center center","background-size":"auto","background-attachment":"scroll","background-type":"","background-media":"","overlay-type":"","overlay-color":"","overlay-opacity":"","overlay-gradient":""},"mobile":{"background-color":"var(--ast-global-color-5)","background-image":"","background-repeat":"repeat","background-position":"center center","background-size":"auto","background-attachment":"scroll","background-type":"","background-media":"","overlay-type":"","overlay-color":"","overlay-opacity":"","overlay-gradient":""}},"footnotes":""},"categories":[5],"tags":[27,28,29,31,32],"class_list":["post-176","post","type-post","status-publish","format-standard","hentry","category-viajes","tag-colombiana-viviendo-en-brasil","tag-colombianos-en-brasil","tag-emigrar-a-brasil","tag-imigrar-a-brasil","tag-vivir-en-brasil"],"yoast_head":"<!-- This site is optimized with the Yoast SEO plugin v26.8 - https:\/\/yoast.com\/product\/yoast-seo-wordpress\/ -->\n<title>Emigrar a Brasil: Mi experiencia - Transformaci\u00f3n Digital y Estrategia Empresarial Stefania<\/title>\n<meta name=\"robots\" content=\"index, follow, max-snippet:-1, max-image-preview:large, max-video-preview:-1\" \/>\n<link rel=\"canonical\" href=\"https:\/\/stefaniaramirez.com\/es\/emigrar-a-brasil-mi-experiencia\/\" \/>\n<meta property=\"og:locale\" content=\"es_ES\" \/>\n<meta property=\"og:type\" content=\"article\" \/>\n<meta property=\"og:title\" content=\"Emigrar a Brasil: Mi experiencia - Transformaci\u00f3n Digital y Estrategia Empresarial Stefania\" \/>\n<meta property=\"og:description\" content=\"En octubre del 2017 cog\u00ed una mochila y viaj\u00e9 de Cali Colombia para Curitiba Brasil. En este texto contar\u00e9, como y porque me fui a vivir a uno de los pa\u00edses m\u00e1s grandes del mundo, con una poblaci\u00f3n de 210&#8217;147.000 personas. Aunque no fue como salir y coger un taxi, sino en m\u00b4\u00e1s o menos [&hellip;]\" \/>\n<meta property=\"og:url\" content=\"https:\/\/stefaniaramirez.com\/es\/emigrar-a-brasil-mi-experiencia\/\" \/>\n<meta property=\"og:site_name\" content=\"Transformaci\u00f3n Digital y Estrategia Empresarial Stefania\" \/>\n<meta property=\"article:published_time\" content=\"2021-05-11T06:28:00+00:00\" \/>\n<meta property=\"og:image\" content=\"https:\/\/stefaniaramirezcom.files.wordpress.com\/2021\/04\/1-1.jpg?w=601\" \/>\n<meta name=\"author\" content=\"STEFANIA RAMIREZ REYES\" \/>\n<meta name=\"twitter:card\" content=\"summary_large_image\" \/>\n<meta name=\"twitter:label1\" content=\"Escrito por\" \/>\n\t<meta name=\"twitter:data1\" content=\"STEFANIA RAMIREZ REYES\" \/>\n\t<meta name=\"twitter:label2\" content=\"Tiempo de lectura\" \/>\n\t<meta name=\"twitter:data2\" content=\"11 minutos\" \/>\n<script type=\"application\/ld+json\" class=\"yoast-schema-graph\">{\"@context\":\"https:\/\/schema.org\",\"@graph\":[{\"@type\":\"Article\",\"@id\":\"https:\/\/stefaniaramirez.com\/emigrar-a-brasil-mi-experiencia\/#article\",\"isPartOf\":{\"@id\":\"https:\/\/stefaniaramirez.com\/emigrar-a-brasil-mi-experiencia\/\"},\"author\":{\"name\":\"STEFANIA RAMIREZ REYES\",\"@id\":\"https:\/\/stefaniaramirez.com\/#\/schema\/person\/020f65ba4967e0d719a0060ea7061ff6\"},\"headline\":\"Emigrar a Brasil: Mi experiencia\",\"datePublished\":\"2021-05-11T06:28:00+00:00\",\"mainEntityOfPage\":{\"@id\":\"https:\/\/stefaniaramirez.com\/emigrar-a-brasil-mi-experiencia\/\"},\"wordCount\":2147,\"commentCount\":0,\"image\":{\"@id\":\"https:\/\/stefaniaramirez.com\/emigrar-a-brasil-mi-experiencia\/#primaryimage\"},\"thumbnailUrl\":\"https:\/\/stefaniaramirezcom.files.wordpress.com\/2021\/04\/1-1.jpg?w=601\",\"keywords\":[\"Colombiana Viviendo en Brasil\",\"Colombianos en Brasil\",\"Emigrar a Brasil\",\"Imigrar a Brasil\",\"Vivir en Brasil\"],\"articleSection\":[\"Viajes\"],\"inLanguage\":\"es-CO\",\"potentialAction\":[{\"@type\":\"CommentAction\",\"name\":\"Comment\",\"target\":[\"https:\/\/stefaniaramirez.com\/emigrar-a-brasil-mi-experiencia\/#respond\"]}]},{\"@type\":\"WebPage\",\"@id\":\"https:\/\/stefaniaramirez.com\/emigrar-a-brasil-mi-experiencia\/\",\"url\":\"https:\/\/stefaniaramirez.com\/emigrar-a-brasil-mi-experiencia\/\",\"name\":\"Emigrar a Brasil: Mi experiencia - Transformaci\u00f3n Digital y Estrategia Empresarial Stefania\",\"isPartOf\":{\"@id\":\"https:\/\/stefaniaramirez.com\/#website\"},\"primaryImageOfPage\":{\"@id\":\"https:\/\/stefaniaramirez.com\/emigrar-a-brasil-mi-experiencia\/#primaryimage\"},\"image\":{\"@id\":\"https:\/\/stefaniaramirez.com\/emigrar-a-brasil-mi-experiencia\/#primaryimage\"},\"thumbnailUrl\":\"https:\/\/stefaniaramirezcom.files.wordpress.com\/2021\/04\/1-1.jpg?w=601\",\"datePublished\":\"2021-05-11T06:28:00+00:00\",\"author\":{\"@id\":\"https:\/\/stefaniaramirez.com\/#\/schema\/person\/020f65ba4967e0d719a0060ea7061ff6\"},\"breadcrumb\":{\"@id\":\"https:\/\/stefaniaramirez.com\/emigrar-a-brasil-mi-experiencia\/#breadcrumb\"},\"inLanguage\":\"es-CO\",\"potentialAction\":[{\"@type\":\"ReadAction\",\"target\":[\"https:\/\/stefaniaramirez.com\/emigrar-a-brasil-mi-experiencia\/\"]}]},{\"@type\":\"ImageObject\",\"inLanguage\":\"es-CO\",\"@id\":\"https:\/\/stefaniaramirez.com\/emigrar-a-brasil-mi-experiencia\/#primaryimage\",\"url\":\"https:\/\/stefaniaramirezcom.files.wordpress.com\/2021\/04\/1-1.jpg?w=601\",\"contentUrl\":\"https:\/\/stefaniaramirezcom.files.wordpress.com\/2021\/04\/1-1.jpg?w=601\"},{\"@type\":\"BreadcrumbList\",\"@id\":\"https:\/\/stefaniaramirez.com\/emigrar-a-brasil-mi-experiencia\/#breadcrumb\",\"itemListElement\":[{\"@type\":\"ListItem\",\"position\":1,\"name\":\"Inicio\",\"item\":\"https:\/\/stefaniaramirez.com\/\"},{\"@type\":\"ListItem\",\"position\":2,\"name\":\"Emigrar a Brasil: Mi experiencia\"}]},{\"@type\":\"WebSite\",\"@id\":\"https:\/\/stefaniaramirez.com\/#website\",\"url\":\"https:\/\/stefaniaramirez.com\/\",\"name\":\"Transformaci\u00f3n Digital y Estrategia Empresarial Stefania\",\"description\":\"Explora c\u00f3mo la convergencia de tecnolog\u00eda, educaci\u00f3n y emprendimiento puede impulsar tu negocio. Con m\u00e1s de 6 a\u00f1os de experiencia en desarrollo de negocios y optimizaci\u00f3n de procesos, Stefania ofrece consultor\u00eda especializada, formaci\u00f3n y recursos clave para l\u00edderes empresariales en Am\u00e9rica Latina.\",\"potentialAction\":[{\"@type\":\"SearchAction\",\"target\":{\"@type\":\"EntryPoint\",\"urlTemplate\":\"https:\/\/stefaniaramirez.com\/?s={search_term_string}\"},\"query-input\":{\"@type\":\"PropertyValueSpecification\",\"valueRequired\":true,\"valueName\":\"search_term_string\"}}],\"inLanguage\":\"es-CO\"},{\"@type\":\"Person\",\"@id\":\"https:\/\/stefaniaramirez.com\/#\/schema\/person\/020f65ba4967e0d719a0060ea7061ff6\",\"name\":\"STEFANIA RAMIREZ REYES\",\"image\":{\"@type\":\"ImageObject\",\"inLanguage\":\"es-CO\",\"@id\":\"https:\/\/stefaniaramirez.com\/#\/schema\/person\/image\/\",\"url\":\"https:\/\/secure.gravatar.com\/avatar\/e91bb43b9faf3f97f32ccd430d69cfaf490cac26f0c31f89b77dcf1a7b65cb94?s=96&d=mm&r=g\",\"contentUrl\":\"https:\/\/secure.gravatar.com\/avatar\/e91bb43b9faf3f97f32ccd430d69cfaf490cac26f0c31f89b77dcf1a7b65cb94?s=96&d=mm&r=g\",\"caption\":\"STEFANIA RAMIREZ REYES\"},\"url\":\"https:\/\/stefaniaramirez.com\/es\/author\/stefania2123\/\"}]}<\/script>\n<!-- \/ Yoast SEO plugin. -->","yoast_head_json":{"title":"Emigrar a Brasil: Mi experiencia - Transformaci\u00f3n Digital y Estrategia Empresarial Stefania","robots":{"index":"index","follow":"follow","max-snippet":"max-snippet:-1","max-image-preview":"max-image-preview:large","max-video-preview":"max-video-preview:-1"},"canonical":"https:\/\/stefaniaramirez.com\/es\/emigrar-a-brasil-mi-experiencia\/","og_locale":"es_ES","og_type":"article","og_title":"Emigrar a Brasil: Mi experiencia - Transformaci\u00f3n Digital y Estrategia Empresarial Stefania","og_description":"En octubre del 2017 cog\u00ed una mochila y viaj\u00e9 de Cali Colombia para Curitiba Brasil. En este texto contar\u00e9, como y porque me fui a vivir a uno de los pa\u00edses m\u00e1s grandes del mundo, con una poblaci\u00f3n de 210&#8217;147.000 personas. Aunque no fue como salir y coger un taxi, sino en m\u00b4\u00e1s o menos [&hellip;]","og_url":"https:\/\/stefaniaramirez.com\/es\/emigrar-a-brasil-mi-experiencia\/","og_site_name":"Transformaci\u00f3n Digital y Estrategia Empresarial Stefania","article_published_time":"2021-05-11T06:28:00+00:00","og_image":[{"url":"https:\/\/stefaniaramirezcom.files.wordpress.com\/2021\/04\/1-1.jpg?w=601","type":"","width":"","height":""}],"author":"STEFANIA RAMIREZ REYES","twitter_card":"summary_large_image","twitter_misc":{"Escrito por":"STEFANIA RAMIREZ REYES","Tiempo de lectura":"11 minutos"},"schema":{"@context":"https:\/\/schema.org","@graph":[{"@type":"Article","@id":"https:\/\/stefaniaramirez.com\/emigrar-a-brasil-mi-experiencia\/#article","isPartOf":{"@id":"https:\/\/stefaniaramirez.com\/emigrar-a-brasil-mi-experiencia\/"},"author":{"name":"STEFANIA RAMIREZ REYES","@id":"https:\/\/stefaniaramirez.com\/#\/schema\/person\/020f65ba4967e0d719a0060ea7061ff6"},"headline":"Emigrar a Brasil: Mi experiencia","datePublished":"2021-05-11T06:28:00+00:00","mainEntityOfPage":{"@id":"https:\/\/stefaniaramirez.com\/emigrar-a-brasil-mi-experiencia\/"},"wordCount":2147,"commentCount":0,"image":{"@id":"https:\/\/stefaniaramirez.com\/emigrar-a-brasil-mi-experiencia\/#primaryimage"},"thumbnailUrl":"https:\/\/stefaniaramirezcom.files.wordpress.com\/2021\/04\/1-1.jpg?w=601","keywords":["Colombiana Viviendo en Brasil","Colombianos en Brasil","Emigrar a Brasil","Imigrar a Brasil","Vivir en Brasil"],"articleSection":["Viajes"],"inLanguage":"es-CO","potentialAction":[{"@type":"CommentAction","name":"Comment","target":["https:\/\/stefaniaramirez.com\/emigrar-a-brasil-mi-experiencia\/#respond"]}]},{"@type":"WebPage","@id":"https:\/\/stefaniaramirez.com\/emigrar-a-brasil-mi-experiencia\/","url":"https:\/\/stefaniaramirez.com\/emigrar-a-brasil-mi-experiencia\/","name":"Emigrar a Brasil: Mi experiencia - Transformaci\u00f3n Digital y Estrategia Empresarial Stefania","isPartOf":{"@id":"https:\/\/stefaniaramirez.com\/#website"},"primaryImageOfPage":{"@id":"https:\/\/stefaniaramirez.com\/emigrar-a-brasil-mi-experiencia\/#primaryimage"},"image":{"@id":"https:\/\/stefaniaramirez.com\/emigrar-a-brasil-mi-experiencia\/#primaryimage"},"thumbnailUrl":"https:\/\/stefaniaramirezcom.files.wordpress.com\/2021\/04\/1-1.jpg?w=601","datePublished":"2021-05-11T06:28:00+00:00","author":{"@id":"https:\/\/stefaniaramirez.com\/#\/schema\/person\/020f65ba4967e0d719a0060ea7061ff6"},"breadcrumb":{"@id":"https:\/\/stefaniaramirez.com\/emigrar-a-brasil-mi-experiencia\/#breadcrumb"},"inLanguage":"es-CO","potentialAction":[{"@type":"ReadAction","target":["https:\/\/stefaniaramirez.com\/emigrar-a-brasil-mi-experiencia\/"]}]},{"@type":"ImageObject","inLanguage":"es-CO","@id":"https:\/\/stefaniaramirez.com\/emigrar-a-brasil-mi-experiencia\/#primaryimage","url":"https:\/\/stefaniaramirezcom.files.wordpress.com\/2021\/04\/1-1.jpg?w=601","contentUrl":"https:\/\/stefaniaramirezcom.files.wordpress.com\/2021\/04\/1-1.jpg?w=601"},{"@type":"BreadcrumbList","@id":"https:\/\/stefaniaramirez.com\/emigrar-a-brasil-mi-experiencia\/#breadcrumb","itemListElement":[{"@type":"ListItem","position":1,"name":"Inicio","item":"https:\/\/stefaniaramirez.com\/"},{"@type":"ListItem","position":2,"name":"Emigrar a Brasil: Mi experiencia"}]},{"@type":"WebSite","@id":"https:\/\/stefaniaramirez.com\/#website","url":"https:\/\/stefaniaramirez.com\/","name":"Transformaci\u00f3n Digital y Estrategia Empresarial Stefania","description":"Explora c\u00f3mo la convergencia de tecnolog\u00eda, educaci\u00f3n y emprendimiento puede impulsar tu negocio. Con m\u00e1s de 6 a\u00f1os de experiencia en desarrollo de negocios y optimizaci\u00f3n de procesos, Stefania ofrece consultor\u00eda especializada, formaci\u00f3n y recursos clave para l\u00edderes empresariales en Am\u00e9rica Latina.","potentialAction":[{"@type":"SearchAction","target":{"@type":"EntryPoint","urlTemplate":"https:\/\/stefaniaramirez.com\/?s={search_term_string}"},"query-input":{"@type":"PropertyValueSpecification","valueRequired":true,"valueName":"search_term_string"}}],"inLanguage":"es-CO"},{"@type":"Person","@id":"https:\/\/stefaniaramirez.com\/#\/schema\/person\/020f65ba4967e0d719a0060ea7061ff6","name":"STEFANIA RAMIREZ REYES","image":{"@type":"ImageObject","inLanguage":"es-CO","@id":"https:\/\/stefaniaramirez.com\/#\/schema\/person\/image\/","url":"https:\/\/secure.gravatar.com\/avatar\/e91bb43b9faf3f97f32ccd430d69cfaf490cac26f0c31f89b77dcf1a7b65cb94?s=96&d=mm&r=g","contentUrl":"https:\/\/secure.gravatar.com\/avatar\/e91bb43b9faf3f97f32ccd430d69cfaf490cac26f0c31f89b77dcf1a7b65cb94?s=96&d=mm&r=g","caption":"STEFANIA RAMIREZ REYES"},"url":"https:\/\/stefaniaramirez.com\/es\/author\/stefania2123\/"}]}},"uagb_featured_image_src":{"full":false,"thumbnail":false,"medium":false,"medium_large":false,"large":false,"1536x1536":false,"2048x2048":false,"trp-custom-language-flag":false},"uagb_author_info":{"display_name":"STEFANIA RAMIREZ REYES","author_link":"https:\/\/stefaniaramirez.com\/es\/author\/stefania2123\/"},"uagb_comment_info":5,"uagb_excerpt":"En octubre del 2017 cog\u00ed una mochila y viaj\u00e9 de Cali Colombia para Curitiba Brasil. En este texto contar\u00e9, como y porque me fui a vivir a uno de los pa\u00edses m\u00e1s grandes del mundo, con una poblaci\u00f3n de 210&#8217;147.000 personas. Aunque no fue como salir y coger un taxi, sino en m\u00b4\u00e1s o menos&hellip;","_links":{"self":[{"href":"https:\/\/stefaniaramirez.com\/es\/wp-json\/wp\/v2\/posts\/176","targetHints":{"allow":["GET"]}}],"collection":[{"href":"https:\/\/stefaniaramirez.com\/es\/wp-json\/wp\/v2\/posts"}],"about":[{"href":"https:\/\/stefaniaramirez.com\/es\/wp-json\/wp\/v2\/types\/post"}],"author":[{"embeddable":true,"href":"https:\/\/stefaniaramirez.com\/es\/wp-json\/wp\/v2\/users\/3"}],"replies":[{"embeddable":true,"href":"https:\/\/stefaniaramirez.com\/es\/wp-json\/wp\/v2\/comments?post=176"}],"version-history":[{"count":0,"href":"https:\/\/stefaniaramirez.com\/es\/wp-json\/wp\/v2\/posts\/176\/revisions"}],"wp:attachment":[{"href":"https:\/\/stefaniaramirez.com\/es\/wp-json\/wp\/v2\/media?parent=176"}],"wp:term":[{"taxonomy":"category","embeddable":true,"href":"https:\/\/stefaniaramirez.com\/es\/wp-json\/wp\/v2\/categories?post=176"},{"taxonomy":"post_tag","embeddable":true,"href":"https:\/\/stefaniaramirez.com\/es\/wp-json\/wp\/v2\/tags?post=176"}],"curies":[{"name":"wp","href":"https:\/\/api.w.org\/{rel}","templated":true}]}}